{"id":14398,"date":"2018-07-05T11:00:28","date_gmt":"2018-07-05T10:00:28","guid":{"rendered":"https:\/\/hugocardoso.com\/blog\/?p=14398"},"modified":"2025-10-20T17:26:05","modified_gmt":"2025-10-20T16:26:05","slug":"star-trek-the-animated-series","status":"publish","type":"post","link":"https:\/\/hugocardoso.com\/blog\/archives\/14398","title":{"rendered":"Star Trek: The Animated Series"},"content":{"rendered":"<p>Como f\u00e3 incondicional do universo Star Trek n\u00e3o faria sentido deixar de revisitar a s\u00e9rie de anima\u00e7\u00e3o. O primeiro epis\u00f3dio teve a estreia mundial a 8 de Setembro de 1973, com o b\u00f3nus de manter as vozes de todas as personagens da s\u00e9rie, o que ajudou e muito ao sucesso do projeto.<\/p>\n<p>S\u00e3o duas temporadas, compostas por dezasseis e seis epis\u00f3dios respetivamente e em que temos uma perspectiva diferente da Enterprise, com aventuras que n\u00e3o podiam ser criadas com a tecnologia da s\u00e9rie original. Existem epis\u00f3dios em que temos a presen\u00e7a de Harry Mudd e dos Tribles, assim como outros que se tornaram ic\u00f3nicos e pol\u00eamicos (Voyages of Imagination, acerca da inf\u00e2ncia de Spock).<\/p>\n<p>No global, a anima\u00e7\u00e3o \u00e9 bem conseguida e complementa de forma muito interessante a viagem da Enterprise.\u00a0Um dos pontos mais curiosos reside no facto do realizador Hal\u00a0Sutherland ser dalt\u00f3nico, o que resultou na utiliza\u00e7\u00e3o de v\u00e1rios tons de cor de rosa, quando na realidade deveriam ter sido cinza.<\/p>\n<p>1975 marca o fim da s\u00e9rie, que acabou por ser a \u00fanica aventura de anima\u00e7\u00e3o da franchise. Se s\u00e3o assinantes do Netflix esta \u00e9 a melhor forma de acompanhar mas podem igualmente utilizar outro servi\u00e7o de streaming da vossa prefer\u00eancia.<\/p>\n","protected":false},"excerpt":{"rendered":"<p>Como f\u00e3 incondicional do universo Star Trek n\u00e3o faria sentido deixar de revisitar a s\u00e9rie de anima\u00e7\u00e3o. O primeiro epis\u00f3dio teve a estreia mundial a 8 de Setembro de 1973, &hellip; <\/p>\n","protected":false},"author":1,"featured_media":14399,"comment_status":"open","ping_status":"open","sticky":false,"template":"","format":"standard","meta":{"jetpack_post_was_ever_published":false,"_jetpack_newsletter_access":"","_jetpack_dont_email_post_to_subs":false,"_jetpack_newsletter_tier_id":0,"_jetpack_memberships_contains_paywalled_content":false,"_jetpack_memberships_contains_paid_content":false,"footnotes":"","jetpack_publicize_message":"","jetpack_publicize_feature_enabled":true,"jetpack_social_post_already_shared":true,"jetpack_social_options":{"image_generator_settings":{"template":"highway","default_image_id":0,"font":"","enabled":false},"version":2}},"categories":[3136],"tags":[2004,480,814],"class_list":["post-14398","post","type-post","status-publish","format-standard","has-post-thumbnail","hentry","category-series","tag-animated","tag-star","tag-trek"],"views":1939,"jetpack_publicize_connections":[],"jetpack_featured_media_url":"https:\/\/hugocardoso.com\/blog\/wp-content\/uploads\/2017\/12\/ST-Animated-Series.jpg","jetpack_shortlink":"https:\/\/wp.me\/p1qeZR-3Ke","jetpack_sharing_enabled":true,"_links":{"self":[{"href":"https:\/\/hugocardoso.com\/blog\/wp-json\/wp\/v2\/posts\/14398","targetHints":{"allow":["GET"]}}],"collection":[{"href":"https:\/\/hugocardoso.com\/blog\/wp-json\/wp\/v2\/posts"}],"about":[{"href":"https:\/\/hugocardoso.com\/blog\/wp-json\/wp\/v2\/types\/post"}],"author":[{"embeddable":true,"href":"https:\/\/hugocardoso.com\/blog\/wp-json\/wp\/v2\/users\/1"}],"replies":[{"embeddable":true,"href":"https:\/\/hugocardoso.com\/blog\/wp-json\/wp\/v2\/comments?post=14398"}],"version-history":[{"count":1,"href":"https:\/\/hugocardoso.com\/blog\/wp-json\/wp\/v2\/posts\/14398\/revisions"}],"predecessor-version":[{"id":25801,"href":"https:\/\/hugocardoso.com\/blog\/wp-json\/wp\/v2\/posts\/14398\/revisions\/25801"}],"wp:featuredmedia":[{"embeddable":true,"href":"https:\/\/hugocardoso.com\/blog\/wp-json\/wp\/v2\/media\/14399"}],"wp:attachment":[{"href":"https:\/\/hugocardoso.com\/blog\/wp-json\/wp\/v2\/media?parent=14398"}],"wp:term":[{"taxonomy":"category","embeddable":true,"href":"https:\/\/hugocardoso.com\/blog\/wp-json\/wp\/v2\/categories?post=14398"},{"taxonomy":"post_tag","embeddable":true,"href":"https:\/\/hugocardoso.com\/blog\/wp-json\/wp\/v2\/tags?post=14398"}],"curies":[{"name":"wp","href":"https:\/\/api.w.org\/{rel}","templated":true}]}}