{"id":14462,"date":"2018-07-15T11:00:13","date_gmt":"2018-07-15T10:00:13","guid":{"rendered":"https:\/\/hugocardoso.com\/blog\/?p=14462"},"modified":"2025-10-20T17:24:26","modified_gmt":"2025-10-20T16:24:26","slug":"the-orville","status":"publish","type":"post","link":"https:\/\/hugocardoso.com\/blog\/archives\/14462","title":{"rendered":"The Orville T.1"},"content":{"rendered":"<p style=\"text-align: left;\">Sou um f\u00e3 do trabalho de Seth MacFarlane, pelo que fiquei entusiasmado aquando da apresenta\u00e7\u00e3o deste projecto. The Orville retira inspira\u00e7\u00e3o do incontorn\u00e1vel Star Trek, aliando o humor t\u00edpico de American Dad e a s\u00e1tira social de Family Guy.<\/p>\n<p style=\"text-align: left;\">Ed Mercer \u00e9 destacado para Capit\u00e3o da Orville, em miss\u00f5es essencialmente diplom\u00e1ticas e de explora\u00e7\u00e3o espacial. Para seu grande espanto, o seu bra\u00e7o direito em termos hier\u00e1rquicos ser\u00e1 Kelly Grason, a sua ex-mulher.\u00a0A tripula\u00e7\u00e3o \u00e9 composta por v\u00e1rias esp\u00e9cies, com destaque para a respons\u00e1vel pela \u00e1rea m\u00e9dica (Dra.\u00a0Claire Finn), seguran\u00e7a (Tenente\u00a0Alara Kitan), navega\u00e7\u00e3o (Tenente\u00a0Gordon Malloy e\u00a0John LaMarr) ci\u00eancia (Isaac) e o terceiro membro da hierarquia de comando (Tenente Comandante Bortus).<\/p>\n<p style=\"text-align: left;\">A primeira temporada \u00e9 composta por treze epis\u00f3dios, em que vamos acompanhando a sinergia entre a tripula\u00e7\u00e3o, numa clara tentativa de nos explicar as origens de cada um dos membros. Existem momentos c\u00f3micos, embora no geral, n\u00e3o considere The Orville uma s\u00e9rie de com\u00e9dia. Diria que estamos perante um projecto de fic\u00e7\u00e3o cient\u00edfica, que faz diversas cr\u00edticas sociais, \u00a0focando a aten\u00e7\u00e3o em temas como o racismo, preconceito e religi\u00e3o, ao bom estilo de Seth MacFarlane.<\/p>\n<p style=\"text-align: left;\">Diria que me chamou a aten\u00e7\u00e3o o suficiente para continuar a acompanhar a segunda temporada, que dever\u00e1 estar dispon\u00edvel no final de 2018. \u00a0Se procuram algo diferente em termos de televis\u00e3o, diria que esta s\u00e9rie pode ser uma agrad\u00e1vel surpresa.<\/p>\n","protected":false},"excerpt":{"rendered":"<p>Sou um f\u00e3 do trabalho de Seth MacFarlane, pelo que fiquei entusiasmado aquando da apresenta\u00e7\u00e3o deste projecto. The Orville retira inspira\u00e7\u00e3o do incontorn\u00e1vel Star Trek, aliando o humor t\u00edpico de &hellip; <\/p>\n","protected":false},"author":1,"featured_media":14466,"comment_status":"open","ping_status":"open","sticky":false,"template":"","format":"standard","meta":{"jetpack_post_was_ever_published":false,"_jetpack_newsletter_access":"","_jetpack_dont_email_post_to_subs":false,"_jetpack_newsletter_tier_id":0,"_jetpack_memberships_contains_paywalled_content":false,"_jetpack_memberships_contains_paid_content":false,"footnotes":"","jetpack_publicize_message":"","jetpack_publicize_feature_enabled":true,"jetpack_social_post_already_shared":true,"jetpack_social_options":{"image_generator_settings":{"template":"highway","default_image_id":0,"font":"","enabled":false},"version":2}},"categories":[3136],"tags":[2102,2101,774],"class_list":["post-14462","post","type-post","status-publish","format-standard","has-post-thumbnail","hentry","category-series","tag-macfarlane","tag-orville","tag-scifi"],"views":2807,"jetpack_publicize_connections":[],"jetpack_featured_media_url":"https:\/\/hugocardoso.com\/blog\/wp-content\/uploads\/2018\/01\/The-Orville.jpg","jetpack_shortlink":"https:\/\/wp.me\/p1qeZR-3Lg","jetpack_sharing_enabled":true,"_links":{"self":[{"href":"https:\/\/hugocardoso.com\/blog\/wp-json\/wp\/v2\/posts\/14462","targetHints":{"allow":["GET"]}}],"collection":[{"href":"https:\/\/hugocardoso.com\/blog\/wp-json\/wp\/v2\/posts"}],"about":[{"href":"https:\/\/hugocardoso.com\/blog\/wp-json\/wp\/v2\/types\/post"}],"author":[{"embeddable":true,"href":"https:\/\/hugocardoso.com\/blog\/wp-json\/wp\/v2\/users\/1"}],"replies":[{"embeddable":true,"href":"https:\/\/hugocardoso.com\/blog\/wp-json\/wp\/v2\/comments?post=14462"}],"version-history":[{"count":1,"href":"https:\/\/hugocardoso.com\/blog\/wp-json\/wp\/v2\/posts\/14462\/revisions"}],"predecessor-version":[{"id":25796,"href":"https:\/\/hugocardoso.com\/blog\/wp-json\/wp\/v2\/posts\/14462\/revisions\/25796"}],"wp:featuredmedia":[{"embeddable":true,"href":"https:\/\/hugocardoso.com\/blog\/wp-json\/wp\/v2\/media\/14466"}],"wp:attachment":[{"href":"https:\/\/hugocardoso.com\/blog\/wp-json\/wp\/v2\/media?parent=14462"}],"wp:term":[{"taxonomy":"category","embeddable":true,"href":"https:\/\/hugocardoso.com\/blog\/wp-json\/wp\/v2\/categories?post=14462"},{"taxonomy":"post_tag","embeddable":true,"href":"https:\/\/hugocardoso.com\/blog\/wp-json\/wp\/v2\/tags?post=14462"}],"curies":[{"name":"wp","href":"https:\/\/api.w.org\/{rel}","templated":true}]}}