{"id":1804,"date":"2010-01-28T04:30:44","date_gmt":"2010-01-28T04:30:44","guid":{"rendered":"http:\/\/hugocardoso.com\/blog\/?p=1804"},"modified":"2017-12-02T18:33:02","modified_gmt":"2017-12-02T18:33:02","slug":"%ef%a3%bf-ipad","status":"publish","type":"post","link":"https:\/\/hugocardoso.com\/blog\/archives\/1804","title":{"rendered":"\uf8ff iPad"},"content":{"rendered":"<p style=\"text-align: left;\">Dia 27 de Janeiro de 2010 marca o esperado an\u00fancio do novo produto da Apple. Durante anos especulou-se sobre a tablet, mas com o lan\u00e7amento do Iphone o sonho come\u00e7ou paulatinamente a tornar-se realidade. Steve Jobs enquadrou o produto num patamar interm\u00e9dio entre o smartphone e o port\u00e1til, o que me parece ser bastante razo\u00e1vel. Se bem se recordam, <a href=\"http:\/\/hugocardoso.com\/blog\/archives\/1562\" target=\"_blank\" rel=\"noopener\">tinha deixado algumas das minhas reservas relativamente ao produto<\/a>, nomeadamente o pre\u00e7o e a sua funcionalidade. Depois da keynote, posso assegurar que esses dois pontos ficaram claramente fechados e estou rendido ao iPad, que tem uma sonoridade muito mais apelativa e comercial do que iSlate.<\/p>\n<p style=\"text-align: left;\">N\u00e3o vos vou ma\u00e7ar com as <a href=\"http:\/\/www.apple.com\/ipad\/specs\/\" target=\"_blank\" rel=\"noopener\">especifica\u00e7\u00f5es t\u00e9cnicas<\/a>, mas destaco o fabuloso display, com resolu\u00e7\u00e3o de 1024&#215;768 com 132 PPI, o que \u00e9 extraordin\u00e1rio, se pensarmos que o \u00e9cran tem &#8220;apenas&#8221; 9,7 polegadas. A tecnologia IPS vai maximizar o \u00e2ngulo de vis\u00e3o (sobretudo o vertical) e a nitidez das c\u00f4res, tornando a experi\u00eancia extremamente intensa. Ali\u00e1s penso que este produto vai ser extremamente apelativo para quem faz da Fotografia e do Design Gr\u00e1fico a sua profiss\u00e3o. Destaco igualmente a autonomia (10 horas) e o peso deste aparelho, que sem d\u00favida o colocam num patamar de mobilidade superior a qualquer outro concorrente.<\/p>\n<p style=\"text-align: left;\">Posso dizer com franqueza, que considero a funcionalidade de E-Book um complemento \u00e0 experi\u00eancia da tablet. Sem desprimor pelo <a title=\"Kindle \" href=\"http:\/\/www.amazon.com\/dp\/B0015T963C\/?tag=gocous-20&amp;hvadid=4139255417&amp;ref=pd_sl_8el54l7u6_e\" target=\"_blank\" rel=\"noopener\">Kindle<\/a>, que acrescento \u00e9 um excelente produto, mas a diferen\u00e7a de qualidade e funcionalidade \u00e9 enorme. Na minha \u00f3ptica, este produto representa o futuro, com a possibilidade de integrar web, email, aplica\u00e7\u00f5es, livros e jogos num s\u00f3 aparelho com um \u00e9cran de alta defini\u00e7\u00e3o. E tudo por um valor realmente aceit\u00e1vel, o que me faz crer que ser\u00e1 sem qualquer tipo de d\u00favida um grande \u00eaxito de vendas. \u00c9 evidente que n\u00e3o \u00e9 perfeito, gostaria de ver uma slot para SD, <a href=\"http:\/\/pt.wikipedia.org\/wiki\/MagSafe\" target=\"_blank\" rel=\"noopener\">Magsafe<\/a> e \u00a0uma entrada para headphones , mas no geral estou bastante satisfeito com o aspecto final.<\/p>\n<p style=\"text-align: left;\">Mais uma vez os senhores de Cupertino foram extremamente inteligentes e conseguem manter a compatibilidade entre o formato Iphone e o do iPad, o que fornece uma profundidade enorme ao aparelho, com uma AppStore com cerca de 140.000 aplica\u00e7\u00f5es. Uma das minhas grandes curiosidades ser\u00e1 o custo dos livros no mercado nacional, assim como do tempo que levar\u00e1 a disponibiliz\u00e1-los em Portugu\u00eas. Tendo em conta a minha ocupa\u00e7\u00e3o profissional, estou curioso em testar a vers\u00e3o com 3G (que acrescente-se vem desbloqueada de origem), dado que vai permitir a utiliza\u00e7\u00e3o de micro SIMS.<\/p>\n<p style=\"text-align: left;\">Para terminar, real\u00e7o que estou convencido a comprar este iPad, embora muito provavelmente apenas o v\u00e1 fazer no segundo semestre de 2010. Ali\u00e1s, vou j\u00e1 iniciar um plano de poupan\u00e7a para esse fim. \u00a0\ud83d\ude2e<\/p>\n<p style=\"text-align: left;\">Quanto a vo\u00e7\u00eas, qual \u00e9 a opini\u00e3o? Est\u00e3o interessados? Preferem um Kindle? Um netbook? Ou pura e simplesmente n\u00e3o ficaram rendidos ao conceito?<\/p>\n<p style=\"text-align: left;\">\n<p style=\"text-align: left;\">Caso pretendam assistir \u00e0 keynote, basta seguir este <a title=\"iPad Keynote\" href=\"http:\/\/events.apple.com.edgesuite.net\/1001q3f8hhr\/event\/index.html\" target=\"_blank\" rel=\"noopener\">link.<\/a><\/p>\n<p style=\"text-align: left;\">P.S &#8211; N\u00e3o me irrita particularmente o facto de n\u00e3o ter camera integrada, embora seja algo que seguramente estar\u00e1 na 2\u00aa gera\u00e7\u00e3o do produto. Quanto \u00e0 quest\u00e3o do flash, vamos ser honestos: nesta fase ser\u00e1 algo em que queremos investir? HTML5 ser\u00e1 o futuro a seguir.<\/p>\n<p style=\"text-align: left;\">P.S 2 &#8211; J\u00e1 est\u00e1 actualizado no site que estar\u00e1 dispon\u00edvel uma Ficha\u00a0de auscultadores est\u00e9reo de 3,5 mm.<\/p>\n","protected":false},"excerpt":{"rendered":"<p>Dia 27 de Janeiro de 2010 marca o esperado an\u00fancio do novo produto da Apple. Durante anos especulou-se sobre a tablet, mas com o lan\u00e7amento do Iphone o sonho come\u00e7ou &hellip; <\/p>\n","protected":false},"author":1,"featured_media":9322,"comment_status":"open","ping_status":"open","sticky":false,"template":"","format":"standard","meta":{"jetpack_post_was_ever_published":false,"_jetpack_newsletter_access":"","_jetpack_dont_email_post_to_subs":true,"_jetpack_newsletter_tier_id":0,"_jetpack_memberships_contains_paywalled_content":false,"_jetpack_memberships_contains_paid_content":false,"footnotes":"","jetpack_publicize_message":"","jetpack_publicize_feature_enabled":true,"jetpack_social_post_already_shared":false,"jetpack_social_options":{"image_generator_settings":{"template":"highway","default_image_id":0,"font":"","enabled":false},"version":2}},"categories":[401,7],"tags":[1352,1354,402,436,403],"class_list":["post-1804","post","type-post","status-publish","format-standard","has-post-thumbnail","hentry","category-apple","category-tecnologia","tag-apple","tag-ipad","tag-islate","tag-steve-jogs","tag-tablet"],"views":5504,"jetpack_publicize_connections":[],"jetpack_featured_media_url":"https:\/\/hugocardoso.com\/blog\/wp-content\/uploads\/2010\/09\/iPad.jpg","jetpack_shortlink":"https:\/\/wp.me\/p1qeZR-t6","jetpack_sharing_enabled":true,"_links":{"self":[{"href":"https:\/\/hugocardoso.com\/blog\/wp-json\/wp\/v2\/posts\/1804","targetHints":{"allow":["GET"]}}],"collection":[{"href":"https:\/\/hugocardoso.com\/blog\/wp-json\/wp\/v2\/posts"}],"about":[{"href":"https:\/\/hugocardoso.com\/blog\/wp-json\/wp\/v2\/types\/post"}],"author":[{"embeddable":true,"href":"https:\/\/hugocardoso.com\/blog\/wp-json\/wp\/v2\/users\/1"}],"replies":[{"embeddable":true,"href":"https:\/\/hugocardoso.com\/blog\/wp-json\/wp\/v2\/comments?post=1804"}],"version-history":[{"count":0,"href":"https:\/\/hugocardoso.com\/blog\/wp-json\/wp\/v2\/posts\/1804\/revisions"}],"wp:featuredmedia":[{"embeddable":true,"href":"https:\/\/hugocardoso.com\/blog\/wp-json\/wp\/v2\/media\/9322"}],"wp:attachment":[{"href":"https:\/\/hugocardoso.com\/blog\/wp-json\/wp\/v2\/media?parent=1804"}],"wp:term":[{"taxonomy":"category","embeddable":true,"href":"https:\/\/hugocardoso.com\/blog\/wp-json\/wp\/v2\/categories?post=1804"},{"taxonomy":"post_tag","embeddable":true,"href":"https:\/\/hugocardoso.com\/blog\/wp-json\/wp\/v2\/tags?post=1804"}],"curies":[{"name":"wp","href":"https:\/\/api.w.org\/{rel}","templated":true}]}}