{"id":19137,"date":"2021-06-20T16:00:19","date_gmt":"2021-06-20T15:00:19","guid":{"rendered":"https:\/\/hugocardoso.com\/blog\/?p=19137"},"modified":"2025-07-01T10:36:18","modified_gmt":"2025-07-01T09:36:18","slug":"into-the-badlands-t-2","status":"publish","type":"post","link":"https:\/\/hugocardoso.com\/blog\/archives\/19137","title":{"rendered":"Into the Badlands T.2"},"content":{"rendered":"<p>A narrativa \u00e9 retomada seis meses ap\u00f3s os <a href=\"https:\/\/hugocardoso.com\/blog\/archives\/13745?doing_wp_cron=1617630166.2661290168762207031250\" target=\"_blank\" rel=\"noopener\">eventos da temporada inicial.<\/a>\u00a0Sunny faz trabalhos for\u00e7ados numa mina de carv\u00e3o, propriedade de The Engineer, embora tenha planos para uma fuga. No entanto,\u00a0\u00e9 tra\u00eddo por Bajie, que se vai tornar uma pe\u00e7a fundamental da hist\u00f3ria, resultados das suas inesperadas liga\u00e7\u00f5es ao grupo de monges que raptou MK.<\/p>\n<p>Nas Badlands, a luta pelo poder est\u00e1 ao rubro, com v\u00e1rias fa\u00e7\u00f5es a pretenderem controlar os territ\u00f3rios de Ryder. O seu pai, Quinn, sobreviveu e planeia de forma meticulosa\u00a0a sua vingan\u00e7a, sustentada numa\u00a0esp\u00e9cie de culto, em que os seus membros se convertem em fundamentalistas, preparados para o derradeiro sacrif\u00edcio em prol da vit\u00f3ria.<\/p>\n<p>Ao longo dos primeiros epis\u00f3dios desta temporada, acompanhamos a viagem de Bajie, MK e Sunny, que tentam desesperadamente regressar \u00e1s Badlands. As batalhas s\u00e3o uma constante, com destaque para Silver Moon, uma lenda dos Clippers, que trabalha como ca\u00e7ador de recompensas, nos Outlying Territories.<\/p>\n<p>Apesar do dom de MK permanecer inerte, Bajie est\u00e1 convicto que podem alcan\u00e7ar a cidade perdida de\u00a0Azra, com a ajuda da b\u00fassola e do livro, que se encontra na posse da Vi\u00fava. Vou deliberadamente omitir muitos dos pormenores, mas posso adiantar que Lydia \u00e9 reintroduzida na narrativa e Tilda ter\u00e1 um papel importante nos eventos que mudam radicalmente a distribui\u00e7\u00e3o de poder nas Badlands,<\/p>\n<p>O derradeiro epis\u00f3dio proporciona-nos finalmente a batalha entre Sunny e Quinn, que tem um desfecho tr\u00e1gico, embora previs\u00edvel. Para lan\u00e7ar o arco narrativo da terceira temporada,\u00a0Bajie reativa a b\u00fassola, ap\u00f3s ter localizado uma torre de comunica\u00e7\u00f5es.<\/p>\n<p>Into the Badlands continua a cativar-me, embora considere que esta temporada \u00e9 inferior \u00e0 original. No entanto, estou muito curioso com o rumo narrativo da pr\u00f3xima temporada, mais especificamente a cidade perdida de Azra.<\/p>\n","protected":false},"excerpt":{"rendered":"<p>A narrativa \u00e9 retomada seis meses ap\u00f3s os eventos da temporada inicial.\u00a0Sunny faz trabalhos for\u00e7ados numa mina de carv\u00e3o, propriedade de The Engineer, embora tenha planos para uma fuga. No &hellip; <\/p>\n","protected":false},"author":1,"featured_media":13746,"comment_status":"open","ping_status":"open","sticky":false,"template":"","format":"standard","meta":{"jetpack_post_was_ever_published":false,"_jetpack_newsletter_access":"","_jetpack_dont_email_post_to_subs":false,"_jetpack_newsletter_tier_id":0,"_jetpack_memberships_contains_paywalled_content":false,"_jetpack_memberships_contains_paid_content":false,"footnotes":"","jetpack_publicize_message":"","jetpack_publicize_feature_enabled":true,"jetpack_social_post_already_shared":true,"jetpack_social_options":{"image_generator_settings":{"template":"highway","default_image_id":0,"font":"","enabled":false},"version":2}},"categories":[3136],"tags":[1846,2046,2047,2566],"class_list":["post-19137","post","type-post","status-publish","format-standard","has-post-thumbnail","hentry","category-series","tag-amc","tag-badlands","tag-clippers","tag-sunny"],"views":1490,"jetpack_publicize_connections":[],"jetpack_featured_media_url":"https:\/\/hugocardoso.com\/blog\/wp-content\/uploads\/2017\/07\/ITB.jpg","jetpack_shortlink":"https:\/\/wp.me\/p1qeZR-4YF","jetpack_sharing_enabled":true,"_links":{"self":[{"href":"https:\/\/hugocardoso.com\/blog\/wp-json\/wp\/v2\/posts\/19137","targetHints":{"allow":["GET"]}}],"collection":[{"href":"https:\/\/hugocardoso.com\/blog\/wp-json\/wp\/v2\/posts"}],"about":[{"href":"https:\/\/hugocardoso.com\/blog\/wp-json\/wp\/v2\/types\/post"}],"author":[{"embeddable":true,"href":"https:\/\/hugocardoso.com\/blog\/wp-json\/wp\/v2\/users\/1"}],"replies":[{"embeddable":true,"href":"https:\/\/hugocardoso.com\/blog\/wp-json\/wp\/v2\/comments?post=19137"}],"version-history":[{"count":1,"href":"https:\/\/hugocardoso.com\/blog\/wp-json\/wp\/v2\/posts\/19137\/revisions"}],"predecessor-version":[{"id":24992,"href":"https:\/\/hugocardoso.com\/blog\/wp-json\/wp\/v2\/posts\/19137\/revisions\/24992"}],"wp:featuredmedia":[{"embeddable":true,"href":"https:\/\/hugocardoso.com\/blog\/wp-json\/wp\/v2\/media\/13746"}],"wp:attachment":[{"href":"https:\/\/hugocardoso.com\/blog\/wp-json\/wp\/v2\/media?parent=19137"}],"wp:term":[{"taxonomy":"category","embeddable":true,"href":"https:\/\/hugocardoso.com\/blog\/wp-json\/wp\/v2\/categories?post=19137"},{"taxonomy":"post_tag","embeddable":true,"href":"https:\/\/hugocardoso.com\/blog\/wp-json\/wp\/v2\/tags?post=19137"}],"curies":[{"name":"wp","href":"https:\/\/api.w.org\/{rel}","templated":true}]}}