{"id":20267,"date":"2022-09-30T12:00:44","date_gmt":"2022-09-30T11:00:44","guid":{"rendered":"https:\/\/hugocardoso.com\/blog\/?p=20267"},"modified":"2025-07-01T10:17:59","modified_gmt":"2025-07-01T09:17:59","slug":"space-force-t-2","status":"publish","type":"post","link":"https:\/\/hugocardoso.com\/blog\/archives\/20267","title":{"rendered":"Space Force T.2"},"content":{"rendered":"<p>A narrativa retoma os eventos da <a href=\"https:\/\/hugocardoso.com\/blog\/archives\/18066\" target=\"_blank\" rel=\"noopener\">temporada original,<\/a>\u00a0em que os General Naird \u00e9 alvo de um inqu\u00e9rito para avaliar as suas a\u00e7\u00f5es. Temos cenas caricatas ao longo dos depoimentos da equipa, com a habitual componente humor\u00edstica mas tudo acaba por resolver-se, garantindo a manuten\u00e7\u00e3o do General na lideran\u00e7a do projeto Space Force.<\/p>\n<p>Os epis\u00f3dios seguintes focam-se nas restri\u00e7\u00f5es or\u00e7amentais, que originam potenciais cortes e sa\u00eddas da equipa. Paralelamente, temos uma visita da delega\u00e7\u00e3o chinesa, com o intuito de melhorar as rela\u00e7\u00f5es internacionais ap\u00f3s a miss\u00e3o na Lua e uma participa\u00e7\u00e3o curiosa no Projeto Jupiter Europa, que ter\u00e1 consequ\u00eancias inesperadas.<\/p>\n<p>O desenvolvimento de personagens \u00e9 uma constante, com destaque para o div\u00f3rcio de Naird, as decis\u00f5es acad\u00e9micas de Erin e as op\u00e7\u00f5es de carreira do resto da equipa. A tens\u00e3o entre o Dr Chan e a Capit\u00e3 Angela Ali atingem o seu apogeu, levando \u00e0 interven\u00e7\u00e3o de F. Tony Scarapiducci, o que origina alguns dos momentos mais hilariantes da temporada.<\/p>\n<p>O derradeiro epis\u00f3dio narra um ataque cibern\u00e9tico dos russos, que conseguem controlar sat\u00e9lites e os servidores da Space Force. A equipa do General Naird consegue evitar o pior cen\u00e1rio, retomando o controlo de forma bastante criativa, com base numa estrat\u00e9gia arrojada. A temporada termina num impasse, com a confirma\u00e7\u00e3o de um aster\u00f3ide em rota de colis\u00e3o com a Terra.<\/p>\n<p>Space Force \u00e9 uma s\u00e9rie com um humor muito pr\u00f3prio, que pode n\u00e3o agradar a todos. No entanto, \u00e9 um projeto que recomendo, restando neste momento confirmar se teremos uma terceira temporada.<\/p>\n","protected":false},"excerpt":{"rendered":"<p>A narrativa retoma os eventos da temporada original,\u00a0em que os General Naird \u00e9 alvo de um inqu\u00e9rito para avaliar as suas a\u00e7\u00f5es. Temos cenas caricatas ao longo dos depoimentos da &hellip; <\/p>\n","protected":false},"author":1,"featured_media":18067,"comment_status":"open","ping_status":"open","sticky":false,"template":"","format":"standard","meta":{"jetpack_post_was_ever_published":false,"_jetpack_newsletter_access":"","_jetpack_dont_email_post_to_subs":false,"_jetpack_newsletter_tier_id":0,"_jetpack_memberships_contains_paywalled_content":false,"_jetpack_memberships_contains_paid_content":false,"footnotes":"","jetpack_publicize_message":"","jetpack_publicize_feature_enabled":true,"jetpack_social_post_already_shared":true,"jetpack_social_options":{"image_generator_settings":{"template":"highway","default_image_id":0,"font":"","enabled":false},"version":2}},"categories":[3136],"tags":[1485,2722,1310,215],"class_list":["post-20267","post","type-post","status-publish","format-standard","has-post-thumbnail","hentry","category-series","tag-force","tag-naird","tag-netflix","tag-space"],"views":472,"jetpack_publicize_connections":[],"jetpack_featured_media_url":"https:\/\/hugocardoso.com\/blog\/wp-content\/uploads\/2020\/09\/Space-Force.jpg","jetpack_shortlink":"https:\/\/wp.me\/p1qeZR-5gT","jetpack_sharing_enabled":true,"_links":{"self":[{"href":"https:\/\/hugocardoso.com\/blog\/wp-json\/wp\/v2\/posts\/20267","targetHints":{"allow":["GET"]}}],"collection":[{"href":"https:\/\/hugocardoso.com\/blog\/wp-json\/wp\/v2\/posts"}],"about":[{"href":"https:\/\/hugocardoso.com\/blog\/wp-json\/wp\/v2\/types\/post"}],"author":[{"embeddable":true,"href":"https:\/\/hugocardoso.com\/blog\/wp-json\/wp\/v2\/users\/1"}],"replies":[{"embeddable":true,"href":"https:\/\/hugocardoso.com\/blog\/wp-json\/wp\/v2\/comments?post=20267"}],"version-history":[{"count":1,"href":"https:\/\/hugocardoso.com\/blog\/wp-json\/wp\/v2\/posts\/20267\/revisions"}],"predecessor-version":[{"id":24860,"href":"https:\/\/hugocardoso.com\/blog\/wp-json\/wp\/v2\/posts\/20267\/revisions\/24860"}],"wp:featuredmedia":[{"embeddable":true,"href":"https:\/\/hugocardoso.com\/blog\/wp-json\/wp\/v2\/media\/18067"}],"wp:attachment":[{"href":"https:\/\/hugocardoso.com\/blog\/wp-json\/wp\/v2\/media?parent=20267"}],"wp:term":[{"taxonomy":"category","embeddable":true,"href":"https:\/\/hugocardoso.com\/blog\/wp-json\/wp\/v2\/categories?post=20267"},{"taxonomy":"post_tag","embeddable":true,"href":"https:\/\/hugocardoso.com\/blog\/wp-json\/wp\/v2\/tags?post=20267"}],"curies":[{"name":"wp","href":"https:\/\/api.w.org\/{rel}","templated":true}]}}