{"id":21201,"date":"2022-11-01T10:30:28","date_gmt":"2022-11-01T10:30:28","guid":{"rendered":"https:\/\/hugocardoso.com\/blog\/?p=21201"},"modified":"2025-10-20T16:57:56","modified_gmt":"2025-10-20T15:57:56","slug":"valley-of-the-dead","status":"publish","type":"post","link":"https:\/\/hugocardoso.com\/blog\/archives\/21201","title":{"rendered":"Valley of the Dead"},"content":{"rendered":"<p>O ano \u00e9 1938 e a guerra civil espanhola encontra-se ao rubro. A narrativa explora os resultados de uma estranha experi\u00eancia nazi, que vai transformar em zombies os habitantes de uma pequena aldeia. A personagem principal desta aventura \u00e9 Jan Lozano, um capit\u00e3o do ex\u00e9rcito espanhol, que tem muita dificuldade em lidar com a hierarquia.<\/p>\n<p>A sua insubordina\u00e7\u00e3o coloca-o\u00a0\u00e0 merc\u00ea dum pelot\u00e3o de fuzilamento, cabendo ao seu tio, o\u00a0General Lozano, a decis\u00e3o de cancelar essa execu\u00e7\u00e3o. Como compensa\u00e7\u00e3o, \u00e9-lhe entregue a miss\u00e3o de entregar uma mensagem secreta na zona de\u00a0Alarcos, que se encontra numa \u00e1rea de forma resist\u00eancia das for\u00e7as republicanas.<\/p>\n<p>A sua miss\u00e3o acaba por revelar-se um desafio, sobretudo a partir do momento em que s\u00e3o capturados e mais tarde atacados por uma horda de zombie. Inevitavelmente, ambas as fac\u00e7\u00f5es acabam por formar uma alian\u00e7a, no sentido de desvendar o respons\u00e1vel por esta nova amea\u00e7a. Existem v\u00e1rios momentos hilariantes ao longo de Malnazidos, que ao bom estilo deste g\u00e9nero, vai originar muitos sacrif\u00edcios, no sentido de garantir o sucesso da miss\u00e3o.<\/p>\n<p>A invulgar uni\u00e3o entre o Capit\u00e3o Lozano e as for\u00e7as republicanas \u00e9 interessante, conferindo uma din\u00e2mica que eleva este filme a um patamar competente. Adicionalmente, as personagens de Matacuras, Sor Flor e Decruz s\u00e3o fundamentais para o desfecho da narrativa, que deixa em aberto uma poss\u00edvel sequela.<\/p>\n<p>No acto final, temos o embate com o l\u00edder nazi, Schutzstaffel, o respons\u00e1vel pelo soro que converteu a popula\u00e7\u00e3o em zombies. Contem com uma resolu\u00e7\u00e3o inesperada e um final que est\u00e1 longe de ser feliz, mas no global diria que Valley of the Dead foi uma agrad\u00e1vel surpresa. Se s\u00e3o subscritores do Netflix, este \u00e9 sem d\u00favida um projeto que recomendo sem hesita\u00e7\u00e3o.<\/p>\n\n\n<blockquote class=\"wp-block-quote is-layout-flow wp-block-quote-is-layout-flow\"><div class=\"skillbar\" data-percent=\"66%\"><div class=\"skillbar-title\" style=\"background: #f7dc6f;\"><h6>Mediano<\/h6><\/div><div class=\"skillbar-bar\" style=\"background: #f7dc6f;\"><\/div><div class=\"skillbar-percent\">66%<\/div><\/div>\n<\/blockquote>\n","protected":false},"excerpt":{"rendered":"<p>O ano \u00e9 1938 e a guerra civil espanhola encontra-se ao rubro. A narrativa explora os resultados de uma estranha experi\u00eancia nazi, que vai transformar em zombies os habitantes de &hellip; <\/p>\n","protected":false},"author":1,"featured_media":21202,"comment_status":"open","ping_status":"open","sticky":false,"template":"","format":"standard","meta":{"jetpack_post_was_ever_published":false,"_jetpack_newsletter_access":"","_jetpack_dont_email_post_to_subs":false,"_jetpack_newsletter_tier_id":0,"_jetpack_memberships_contains_paywalled_content":false,"_jetpack_memberships_contains_paid_content":false,"footnotes":"","jetpack_publicize_message":"","jetpack_publicize_feature_enabled":true,"jetpack_social_post_already_shared":true,"jetpack_social_options":{"image_generator_settings":{"template":"highway","default_image_id":0,"font":"","enabled":false},"version":2}},"categories":[3],"tags":[1447,2870,2552],"class_list":["post-21201","post","type-post","status-publish","format-standard","has-post-thumbnail","hentry","category-cinema","tag-dead","tag-malnazidos","tag-valley"],"views":395,"jetpack_publicize_connections":[],"jetpack_featured_media_url":"https:\/\/hugocardoso.com\/blog\/wp-content\/uploads\/2022\/10\/Malnazidos.jpeg","jetpack_shortlink":"https:\/\/wp.me\/p1qeZR-5vX","jetpack_sharing_enabled":true,"_links":{"self":[{"href":"https:\/\/hugocardoso.com\/blog\/wp-json\/wp\/v2\/posts\/21201","targetHints":{"allow":["GET"]}}],"collection":[{"href":"https:\/\/hugocardoso.com\/blog\/wp-json\/wp\/v2\/posts"}],"about":[{"href":"https:\/\/hugocardoso.com\/blog\/wp-json\/wp\/v2\/types\/post"}],"author":[{"embeddable":true,"href":"https:\/\/hugocardoso.com\/blog\/wp-json\/wp\/v2\/users\/1"}],"replies":[{"embeddable":true,"href":"https:\/\/hugocardoso.com\/blog\/wp-json\/wp\/v2\/comments?post=21201"}],"version-history":[{"count":1,"href":"https:\/\/hugocardoso.com\/blog\/wp-json\/wp\/v2\/posts\/21201\/revisions"}],"predecessor-version":[{"id":25673,"href":"https:\/\/hugocardoso.com\/blog\/wp-json\/wp\/v2\/posts\/21201\/revisions\/25673"}],"wp:featuredmedia":[{"embeddable":true,"href":"https:\/\/hugocardoso.com\/blog\/wp-json\/wp\/v2\/media\/21202"}],"wp:attachment":[{"href":"https:\/\/hugocardoso.com\/blog\/wp-json\/wp\/v2\/media?parent=21201"}],"wp:term":[{"taxonomy":"category","embeddable":true,"href":"https:\/\/hugocardoso.com\/blog\/wp-json\/wp\/v2\/categories?post=21201"},{"taxonomy":"post_tag","embeddable":true,"href":"https:\/\/hugocardoso.com\/blog\/wp-json\/wp\/v2\/tags?post=21201"}],"curies":[{"name":"wp","href":"https:\/\/api.w.org\/{rel}","templated":true}]}}