{"id":21214,"date":"2022-12-18T11:00:06","date_gmt":"2022-12-18T11:00:06","guid":{"rendered":"https:\/\/hugocardoso.com\/blog\/?p=21214"},"modified":"2025-10-20T16:38:11","modified_gmt":"2025-10-20T15:38:11","slug":"werewolf-by-night","status":"publish","type":"post","link":"https:\/\/hugocardoso.com\/blog\/archives\/21214","title":{"rendered":"Werewolf by Night"},"content":{"rendered":"<p>Esta adapta\u00e7\u00e3o da Marvel \u00e9 baseada nos comics dos anos 70, embora a personagem de Jake Gomez tenha sido apenas introduzida em 2020, na edi\u00e7\u00e3o #1 de Werewolf by Night. A narrativa \u00e9 simples e consiste num ritual de passagem da Bloodstone, \u00a0um artefacto ancestral de grande poder.<\/p>\n<p>Com o falecimento do \u00a0anterior detentor, Ulysses Bloodstone, s\u00e3o reunidos os melhores ca\u00e7adores de monstros, para um embate que ir\u00e1 determinar quem passar\u00e1 a ostentar esta poderosa arma. Esta \u00e9 a premissa de Werewolf by Night, que \u00e9 filmado maioritariamente a preto e branco. As personagens mais relevantes s\u00e3o Jake Russell, um ca\u00e7ador invulgar, com um segredo relevante para o desfecho da aventura, assim como Elsa Bloodstone, a filha de Ulysses, que abandonou h\u00e1 muito as tradi\u00e7\u00f5es familiares.<\/p>\n<p>Os restantes ca\u00e7adores s\u00e3o\u00a0Jovan, Azarel, Liorn e Barasso, que contam com o apoio de Verussa Bloodstone, a madrasta de Elsa, que tem uma agenda oculta. A narrativa \u00e9 fluida, alternando o desenvolvimento de personagens com cenas de a\u00e7\u00e3o e estreitando a rela\u00e7\u00e3o entre Jake e Elsa, que formam uma alian\u00e7a improv\u00e1vel.<\/p>\n<p>Destaque igualmente para a presen\u00e7a de Man-Thing, uma figura ic\u00f3nica da Marvel, que pode significar uma introdu\u00e7\u00e3o futuro dos\u00a0Howling Commandos. Curiosamente, Kevin Feige sugeriu que este filme\/especial da Marvel ser\u00e1 relevante para os eventos futuros da MCU, algo que agu\u00e7ou a minha curiosidade.<\/p>\n<p>Werewolf by Night \u00e9 um projeto interessante, que ir\u00e1 agradar maioritariamente aos f\u00e3s dos comics mas que tem igualmente qualidade para cativar aqueles que apenas s\u00e3o fascinados pela MCU. Se s\u00e3o subscritores da Disney+, este \u00e9 sem d\u00favida um projecto a ter em considera\u00e7\u00e3o.<\/p>\n\n\n<blockquote class=\"wp-block-quote is-layout-flow wp-block-quote-is-layout-flow\"><div class=\"skillbar\" data-percent=\"72%\"><div class=\"skillbar-title\" style=\"background: #32cd32;\"><h6>Bom<\/h6><\/div><div class=\"skillbar-bar\" style=\"background: #32cd32;\"><\/div><div class=\"skillbar-percent\">72%<\/div><\/div>\n<\/blockquote>\n","protected":false},"excerpt":{"rendered":"<p>Esta adapta\u00e7\u00e3o da Marvel \u00e9 baseada nos comics dos anos 70, embora a personagem de Jake Gomez tenha sido apenas introduzida em 2020, na edi\u00e7\u00e3o #1 de Werewolf by Night. &hellip; <\/p>\n","protected":false},"author":1,"featured_media":21304,"comment_status":"open","ping_status":"open","sticky":false,"template":"","format":"standard","meta":{"jetpack_post_was_ever_published":false,"_jetpack_newsletter_access":"","_jetpack_dont_email_post_to_subs":false,"_jetpack_newsletter_tier_id":0,"_jetpack_memberships_contains_paywalled_content":false,"_jetpack_memberships_contains_paid_content":false,"footnotes":"","jetpack_publicize_message":"","jetpack_publicize_feature_enabled":true,"jetpack_social_post_already_shared":false,"jetpack_social_options":{"image_generator_settings":{"template":"highway","default_image_id":0,"font":"","enabled":false},"version":2}},"categories":[3],"tags":[2268,451],"class_list":["post-21214","post","type-post","status-publish","format-standard","has-post-thumbnail","hentry","category-cinema","tag-night","tag-werewolf"],"views":280,"jetpack_publicize_connections":[],"jetpack_featured_media_url":"https:\/\/hugocardoso.com\/blog\/wp-content\/uploads\/2022\/12\/Werewolf-by-Night-scaled.jpeg","jetpack_shortlink":"https:\/\/wp.me\/p1qeZR-5wa","jetpack_sharing_enabled":true,"_links":{"self":[{"href":"https:\/\/hugocardoso.com\/blog\/wp-json\/wp\/v2\/posts\/21214","targetHints":{"allow":["GET"]}}],"collection":[{"href":"https:\/\/hugocardoso.com\/blog\/wp-json\/wp\/v2\/posts"}],"about":[{"href":"https:\/\/hugocardoso.com\/blog\/wp-json\/wp\/v2\/types\/post"}],"author":[{"embeddable":true,"href":"https:\/\/hugocardoso.com\/blog\/wp-json\/wp\/v2\/users\/1"}],"replies":[{"embeddable":true,"href":"https:\/\/hugocardoso.com\/blog\/wp-json\/wp\/v2\/comments?post=21214"}],"version-history":[{"count":1,"href":"https:\/\/hugocardoso.com\/blog\/wp-json\/wp\/v2\/posts\/21214\/revisions"}],"predecessor-version":[{"id":25667,"href":"https:\/\/hugocardoso.com\/blog\/wp-json\/wp\/v2\/posts\/21214\/revisions\/25667"}],"wp:featuredmedia":[{"embeddable":true,"href":"https:\/\/hugocardoso.com\/blog\/wp-json\/wp\/v2\/media\/21304"}],"wp:attachment":[{"href":"https:\/\/hugocardoso.com\/blog\/wp-json\/wp\/v2\/media?parent=21214"}],"wp:term":[{"taxonomy":"category","embeddable":true,"href":"https:\/\/hugocardoso.com\/blog\/wp-json\/wp\/v2\/categories?post=21214"},{"taxonomy":"post_tag","embeddable":true,"href":"https:\/\/hugocardoso.com\/blog\/wp-json\/wp\/v2\/tags?post=21214"}],"curies":[{"name":"wp","href":"https:\/\/api.w.org\/{rel}","templated":true}]}}