{"id":21290,"date":"2023-09-25T11:00:07","date_gmt":"2023-09-25T10:00:07","guid":{"rendered":"https:\/\/hugocardoso.com\/blog\/?p=21290"},"modified":"2025-07-01T10:22:31","modified_gmt":"2025-07-01T09:22:31","slug":"the-orville-t-3","status":"publish","type":"post","link":"https:\/\/hugocardoso.com\/blog\/archives\/21290","title":{"rendered":"The Orville T.3"},"content":{"rendered":"<p>As aventuras do Capit\u00e3o Mercer e da sua tripula\u00e7\u00e3o prosseguem nesta terceira temporada, que se foca no conflito entre a Uni\u00e3o e os Kaylon. O humor continua a fazer parte da narrativa, que integra tem\u00e1ticas s\u00e9rias e que acabam por resultar numa esp\u00e9cie de s\u00e1tira \u00e0 sociedade actual.<\/p>\n<p>Ao longo dos dez epis\u00f3dios, acompanhamos a revers\u00e3o da mudan\u00e7a de sexo de Topa, a evolu\u00e7\u00e3o da din\u00e2mica existente entre Charly Burke e Isaac e o resultado da rela\u00e7\u00e3o entre Telayah e Ed Mercer. Adicionalmente, ir\u00e3o existir desenvolvimentos inesperados na luta com os Kaylon, assim como uma alian\u00e7a invulgar entre os Krill e os Moclan.<\/p>\n<p>Em termos de narrativa, destaco Shadow Realms, Mortality Paradox e Midnight Blue, como os meus epis\u00f3dios preferidos. Os dilemas morais s\u00e3o igualmente uma constante, complementando muito bem as v\u00e1rias cenas de a\u00e7\u00e3o com que somos presenteados. Os argumentistas apostaram num desenvolvimento dos membros secund\u00e1rios da tripula\u00e7\u00e3o, o que resultou de forma muito positiva, dando maior profundidade aos eventos e criando uma rela\u00e7\u00e3o emp\u00e1tica com o espectador.<\/p>\n<p>Pessoalmente, considero esta a temporada mais forte de The Orville, que tem um desfecho interessante no derradeiro epis\u00f3dio, Future Unkown, que pode significar o fim deste projeto.\u00a0At\u00e9 \u00e0 data n\u00e3o existe confirma\u00e7\u00e3o da renova\u00e7\u00e3o desta s\u00e9rie, que tem sido uma agrad\u00e1vel surpresa, convertendo-se em algo que supera claramente o seu r\u00f3tulo de com\u00e9dia.<\/p>\n","protected":false},"excerpt":{"rendered":"<p>As aventuras do Capit\u00e3o Mercer e da sua tripula\u00e7\u00e3o prosseguem nesta terceira temporada, que se foca no conflito entre a Uni\u00e3o e os Kaylon. O humor continua a fazer parte &hellip; <\/p>\n","protected":false},"author":1,"featured_media":18068,"comment_status":"open","ping_status":"open","sticky":false,"template":"","format":"standard","meta":{"jetpack_post_was_ever_published":false,"_jetpack_newsletter_access":"","_jetpack_dont_email_post_to_subs":false,"_jetpack_newsletter_tier_id":0,"_jetpack_memberships_contains_paywalled_content":false,"_jetpack_memberships_contains_paid_content":false,"footnotes":"","jetpack_publicize_message":"","jetpack_publicize_feature_enabled":true,"jetpack_social_post_already_shared":false,"jetpack_social_options":{"image_generator_settings":{"template":"highway","default_image_id":0,"font":"","enabled":false},"version":2}},"categories":[3136],"tags":[2392,2101],"class_list":["post-21290","post","type-post","status-publish","format-standard","has-post-thumbnail","hentry","category-series","tag-mcfarlane","tag-orville"],"views":295,"jetpack_publicize_connections":[],"jetpack_featured_media_url":"https:\/\/hugocardoso.com\/blog\/wp-content\/uploads\/2020\/09\/The-Orville-T2.jpg","jetpack_shortlink":"https:\/\/wp.me\/p1qeZR-5xo","jetpack_sharing_enabled":true,"_links":{"self":[{"href":"https:\/\/hugocardoso.com\/blog\/wp-json\/wp\/v2\/posts\/21290","targetHints":{"allow":["GET"]}}],"collection":[{"href":"https:\/\/hugocardoso.com\/blog\/wp-json\/wp\/v2\/posts"}],"about":[{"href":"https:\/\/hugocardoso.com\/blog\/wp-json\/wp\/v2\/types\/post"}],"author":[{"embeddable":true,"href":"https:\/\/hugocardoso.com\/blog\/wp-json\/wp\/v2\/users\/1"}],"replies":[{"embeddable":true,"href":"https:\/\/hugocardoso.com\/blog\/wp-json\/wp\/v2\/comments?post=21290"}],"version-history":[{"count":1,"href":"https:\/\/hugocardoso.com\/blog\/wp-json\/wp\/v2\/posts\/21290\/revisions"}],"predecessor-version":[{"id":24878,"href":"https:\/\/hugocardoso.com\/blog\/wp-json\/wp\/v2\/posts\/21290\/revisions\/24878"}],"wp:featuredmedia":[{"embeddable":true,"href":"https:\/\/hugocardoso.com\/blog\/wp-json\/wp\/v2\/media\/18068"}],"wp:attachment":[{"href":"https:\/\/hugocardoso.com\/blog\/wp-json\/wp\/v2\/media?parent=21290"}],"wp:term":[{"taxonomy":"category","embeddable":true,"href":"https:\/\/hugocardoso.com\/blog\/wp-json\/wp\/v2\/categories?post=21290"},{"taxonomy":"post_tag","embeddable":true,"href":"https:\/\/hugocardoso.com\/blog\/wp-json\/wp\/v2\/tags?post=21290"}],"curies":[{"name":"wp","href":"https:\/\/api.w.org\/{rel}","templated":true}]}}