{"id":21317,"date":"2022-12-31T10:00:05","date_gmt":"2022-12-31T10:00:05","guid":{"rendered":"https:\/\/hugocardoso.com\/blog\/?p=21317"},"modified":"2025-10-20T16:35:22","modified_gmt":"2025-10-20T15:35:22","slug":"black-adam","status":"publish","type":"post","link":"https:\/\/hugocardoso.com\/blog\/archives\/21317","title":{"rendered":"Black Adam"},"content":{"rendered":"<p>O d\u00e9cimo primeiro filme da DCEU introduz Teth-Adam, o her\u00f3i de Kahndaq. O primeiro acto transporta-nos para 2600 AC, uma era controlada pelo Rei Ahk-Ton, que ambicionava criar a Coroa de Sabbac, com o objetivo de controlar o planeta. Os seus planos acabam por ser frustrados, gra\u00e7as a uma revolta, liderada por um jovem escravo, que ir\u00e1 converter-se numa arma do Conc\u00edlio dos Deuses, \u00e0 <a href=\"https:\/\/hugocardoso.com\/blog\/archives\/16172\" target=\"_blank\" rel=\"noopener\">semelhan\u00e7a de Shazam<\/a>.<\/p>\n<p>Ap\u00f3s esta introdu\u00e7\u00e3o, a narrativa regressa aos tempos modernos, permitindo-nos acompanhar Adrianna Tomaz, uma arque\u00f3loga e lutadora pela liberdade, que pretende localizar a coroa e desvendar os seus segredos. O seu irm\u00e3o Karim, com a ajuda de Samir e Ishmael, localizam o artefacto, mas, s\u00e3o facilmente capturados pelo Intergang, a organiza\u00e7\u00e3o terrorista que controla a zona. Quando tudo parece perdido, Adrianna consegue libertar Teth-Adam, que facilmente derrota os mercen\u00e1rios.<\/p>\n<p>O segundo acto traz-nos a Justice Society, que \u00e9 incumbida de capturar Adam, a pedido de Amanda Waller. Adicionalmente, vamos obter mais informa\u00e7\u00e3o do passado do nosso her\u00f3i, que come\u00e7a a criar uma liga\u00e7\u00e3o estreita com Amon, o filho de Adrianna. Sem colocar spoilers, posso adiantar que a maior parte dos eventos \u00e9 terrivelmente previs\u00edvel, o que diminui a experi\u00eancia global associada a este filme.<\/p>\n<p>No entanto, parece-me relevante destacar as cenas de a\u00e7\u00e3o, que est\u00e3o repletas de humor, assim como a presen\u00e7a carism\u00e1tica de Hawkman e Doctor Fate. O vil\u00e3o desta narrativa est\u00e1 longe de ser \u00e9pico mas cumpre a sua fun\u00e7\u00e3o, \u00e0 semelhan\u00e7a de Cyclone e Atom Smasher, que s\u00e3o os membros secund\u00e1rios desta equipa da Justice Society.<\/p>\n<p>O derradeiro acto garante a reden\u00e7\u00e3o necess\u00e1ria de Teth-Adam, que se converte no her\u00f3i que Kahndaq necessita. \u00c9 igualmente explicado o motivo para a designa\u00e7\u00e3o de Black Adam e, no final, temos a m\u00edtica cena p\u00f3s-cr\u00e9ditos com o Super-Homem, representado por Henry Cavill.<\/p>\n<p>No global, estamos perante um filme mediano, que garante entretenimento, embora acrescente pouco a este universo. A recente contrata\u00e7\u00e3o de James Gunn, com a consequente reestrutura\u00e7\u00e3o implica o cancelamento deste e v\u00e1rios outros projetos, o que me deixa algo apreensivo pelo futuro imediato do universo cinematogr\u00e1fico da DC.<\/p>\n\n\n<blockquote class=\"wp-block-quote is-layout-flow wp-block-quote-is-layout-flow\"><div class=\"skillbar\" data-percent=\"70%\"><div class=\"skillbar-title\" style=\"background: #32cd32;\"><h6>Mediano<\/h6><\/div><div class=\"skillbar-bar\" style=\"background: #32cd32;\"><\/div><div class=\"skillbar-percent\">70%<\/div><\/div>\n<\/blockquote>\n","protected":false},"excerpt":{"rendered":"<p>O d\u00e9cimo primeiro filme da DCEU introduz Teth-Adam, o her\u00f3i de Kahndaq. O primeiro acto transporta-nos para 2600 AC, uma era controlada pelo Rei Ahk-Ton, que ambicionava criar a Coroa &hellip; <\/p>\n","protected":false},"author":1,"featured_media":21318,"comment_status":"open","ping_status":"open","sticky":false,"template":"","format":"standard","meta":{"jetpack_post_was_ever_published":false,"_jetpack_newsletter_access":"","_jetpack_dont_email_post_to_subs":false,"_jetpack_newsletter_tier_id":0,"_jetpack_memberships_contains_paywalled_content":false,"_jetpack_memberships_contains_paid_content":false,"footnotes":"","jetpack_publicize_message":"","jetpack_publicize_feature_enabled":true,"jetpack_social_post_already_shared":false,"jetpack_social_options":{"image_generator_settings":{"template":"highway","default_image_id":0,"font":"","enabled":false},"version":2}},"categories":[3],"tags":[1442,631,2882],"class_list":["post-21317","post","type-post","status-publish","format-standard","has-post-thumbnail","hentry","category-cinema","tag-black","tag-dc","tag-justicesociety"],"views":314,"jetpack_publicize_connections":[],"jetpack_featured_media_url":"https:\/\/hugocardoso.com\/blog\/wp-content\/uploads\/2022\/12\/Black-Adam.jpg","jetpack_shortlink":"https:\/\/wp.me\/p1qeZR-5xP","jetpack_sharing_enabled":true,"_links":{"self":[{"href":"https:\/\/hugocardoso.com\/blog\/wp-json\/wp\/v2\/posts\/21317","targetHints":{"allow":["GET"]}}],"collection":[{"href":"https:\/\/hugocardoso.com\/blog\/wp-json\/wp\/v2\/posts"}],"about":[{"href":"https:\/\/hugocardoso.com\/blog\/wp-json\/wp\/v2\/types\/post"}],"author":[{"embeddable":true,"href":"https:\/\/hugocardoso.com\/blog\/wp-json\/wp\/v2\/users\/1"}],"replies":[{"embeddable":true,"href":"https:\/\/hugocardoso.com\/blog\/wp-json\/wp\/v2\/comments?post=21317"}],"version-history":[{"count":1,"href":"https:\/\/hugocardoso.com\/blog\/wp-json\/wp\/v2\/posts\/21317\/revisions"}],"predecessor-version":[{"id":25661,"href":"https:\/\/hugocardoso.com\/blog\/wp-json\/wp\/v2\/posts\/21317\/revisions\/25661"}],"wp:featuredmedia":[{"embeddable":true,"href":"https:\/\/hugocardoso.com\/blog\/wp-json\/wp\/v2\/media\/21318"}],"wp:attachment":[{"href":"https:\/\/hugocardoso.com\/blog\/wp-json\/wp\/v2\/media?parent=21317"}],"wp:term":[{"taxonomy":"category","embeddable":true,"href":"https:\/\/hugocardoso.com\/blog\/wp-json\/wp\/v2\/categories?post=21317"},{"taxonomy":"post_tag","embeddable":true,"href":"https:\/\/hugocardoso.com\/blog\/wp-json\/wp\/v2\/tags?post=21317"}],"curies":[{"name":"wp","href":"https:\/\/api.w.org\/{rel}","templated":true}]}}