{"id":2144,"date":"2010-06-05T04:01:00","date_gmt":"2010-06-05T03:01:00","guid":{"rendered":"http:\/\/hugocardoso.com\/blog\/?p=2144"},"modified":"2025-10-20T17:29:09","modified_gmt":"2025-10-20T16:29:09","slug":"lost-o-final","status":"publish","type":"post","link":"https:\/\/hugocardoso.com\/blog\/archives\/2144","title":{"rendered":"Lost T.6"},"content":{"rendered":"<p style=\"text-align: left;\">Chegou ao fim uma das mais badaladas s\u00e9ries de TV dos \u00faltimos anos. Estou obviamente a falar de <a title=\"Site oficial\" href=\"http:\/\/abc.go.com\/shows\/lost\" target=\"_blank\">Lost<\/a>, que esteve no ar desde 2004 e que acabei de ver h\u00e1 cerca de tr\u00eas dias. Optei por ver os \u00faltimos epis\u00f3dios de forma faseada, resultado de falta de tempo, mas tamb\u00e9m de algum receio do rumo que esta sexta temporada tomou. Muito honestamente, penso que poderiam ter atingido o mesmo resultado com 4 temporadas, mas por raz\u00f5es \u00f3bvias, prolongaram a hist\u00f3ria e <strong>&#8220;encheram muito chouri\u00e7o&#8221;<\/strong> em v\u00e1rios epis\u00f3dios.<\/p>\n<p style=\"text-align: left;\"><strong>N\u00e3o esperava que fosse dada uma resposta directa a v\u00e1rias quest\u00f5es<\/strong>, como se veio a confirmar, mas confesso que fiquei algo desiludido com o final. No global, a explica\u00e7\u00e3o final \u00e9 interessante e solidifica a import\u00e2ncia das personagens e das suas viagens, em detrimento do sobrenatural e m\u00e1gico da Ilha, mas fica um sabor amargo de curiosidade.\u00a0Sem qualquer tipo de d\u00favida que esta s\u00e9rie representa um marco na TV, tendo conquistado uma legi\u00e3o de f\u00e3s, que se envolviam em debates semanais, com m\u00faltiplas teorias e teses para explicar o significado da Ilha, da nuvem negra, dos poderes de Walt, etc. N\u00e3o vou sequer entrar nesse tipo de discuss\u00e3o, <strong>o final \u00e9 aberto<\/strong>, precisamente para manter o hype da s\u00e9rie.<\/p>\n<p style=\"text-align: left;\">Quero apenas terminar, dizendo que \u00e9 com pena que vejo o final de Lost, mas seria inevit\u00e1vel que tal sucedesse. Espero que assim permane\u00e7a e que n\u00e3o existam projectos para filmes ou outro tipo de spin off, que apenas iriam contribuir para o descr\u00e9dito desta viagem de quase 6 anos.<strong> Era praticamente imposs\u00edvel agradar a todos<\/strong> e foi seguido o caminho do grande mist\u00e9rio que continua a assolar a Humanidade&#8230;<\/p>\n<p style=\"text-align: left;\">P.S &#8211; Fica prometido que daqui a 2 ou 3 anos vou rever a s\u00e9rie e lan\u00e7ar um novo post sobre o assunto.<\/p>\n","protected":false},"excerpt":{"rendered":"<p>Chegou ao fim uma das mais badaladas s\u00e9ries de TV dos \u00faltimos anos. Estou obviamente a falar de Lost, que esteve no ar desde 2004 e que acabei de ver &hellip; <\/p>\n","protected":false},"author":1,"featured_media":9347,"comment_status":"open","ping_status":"open","sticky":false,"template":"","format":"standard","meta":{"jetpack_post_was_ever_published":false,"_jetpack_newsletter_access":"","_jetpack_dont_email_post_to_subs":false,"_jetpack_newsletter_tier_id":0,"_jetpack_memberships_contains_paywalled_content":false,"_jetpack_memberships_contains_paid_content":false,"footnotes":"","jetpack_publicize_message":"","jetpack_publicize_feature_enabled":true,"jetpack_social_post_already_shared":false,"jetpack_social_options":{"image_generator_settings":{"template":"highway","default_image_id":0,"font":"","enabled":false},"version":2}},"categories":[3136],"tags":[541,534,291,540],"class_list":["post-2144","post","type-post","status-publish","format-standard","has-post-thumbnail","hentry","category-series","tag-island","tag-jj-abrams","tag-lost","tag-season-finale"],"views":1802,"jetpack_publicize_connections":[],"jetpack_featured_media_url":"https:\/\/hugocardoso.com\/blog\/wp-content\/uploads\/2010\/06\/Lost.jpg","jetpack_shortlink":"https:\/\/wp.me\/p1qeZR-yA","jetpack_sharing_enabled":true,"_links":{"self":[{"href":"https:\/\/hugocardoso.com\/blog\/wp-json\/wp\/v2\/posts\/2144","targetHints":{"allow":["GET"]}}],"collection":[{"href":"https:\/\/hugocardoso.com\/blog\/wp-json\/wp\/v2\/posts"}],"about":[{"href":"https:\/\/hugocardoso.com\/blog\/wp-json\/wp\/v2\/types\/post"}],"author":[{"embeddable":true,"href":"https:\/\/hugocardoso.com\/blog\/wp-json\/wp\/v2\/users\/1"}],"replies":[{"embeddable":true,"href":"https:\/\/hugocardoso.com\/blog\/wp-json\/wp\/v2\/comments?post=2144"}],"version-history":[{"count":1,"href":"https:\/\/hugocardoso.com\/blog\/wp-json\/wp\/v2\/posts\/2144\/revisions"}],"predecessor-version":[{"id":25837,"href":"https:\/\/hugocardoso.com\/blog\/wp-json\/wp\/v2\/posts\/2144\/revisions\/25837"}],"wp:featuredmedia":[{"embeddable":true,"href":"https:\/\/hugocardoso.com\/blog\/wp-json\/wp\/v2\/media\/9347"}],"wp:attachment":[{"href":"https:\/\/hugocardoso.com\/blog\/wp-json\/wp\/v2\/media?parent=2144"}],"wp:term":[{"taxonomy":"category","embeddable":true,"href":"https:\/\/hugocardoso.com\/blog\/wp-json\/wp\/v2\/categories?post=2144"},{"taxonomy":"post_tag","embeddable":true,"href":"https:\/\/hugocardoso.com\/blog\/wp-json\/wp\/v2\/tags?post=2144"}],"curies":[{"name":"wp","href":"https:\/\/api.w.org\/{rel}","templated":true}]}}