{"id":225,"date":"2004-08-22T02:29:36","date_gmt":"2004-08-22T01:29:36","guid":{"rendered":"http:\/\/hugocardoso.com\/archives\/225"},"modified":"2022-08-12T17:09:07","modified_gmt":"2022-08-12T16:09:07","slug":"as-cronicas-de-riddick-35","status":"publish","type":"post","link":"https:\/\/hugocardoso.com\/blog\/archives\/225","title":{"rendered":"As cr\u00f3nicas de Riddick"},"content":{"rendered":"<p>H\u00e1 tr\u00eas anos, se a mem\u00f3ria n\u00e3o me falha vi o primeiro filme em que Riddick fez a sua apari\u00e7\u00e3o. Na altura o desconhecido Vin Diesel interpretava esta personagem\u00a0que de her\u00f3i n\u00e3o tem nada.<\/p>\n<p>A semana passada estreou nas nossas salas as Cr\u00f3nicas de Riddick, cuja ac\u00e7\u00e3o decorre cinco anos ap\u00f3s a sa\u00edda her\u00f3ica do planeta assassino.<\/p>\n<p><a href=\"http:\/\/www.pitchblack.com\/blackbox\/index.html\" target=\"_blank\" rel=\"noopener\">Eclipse Mortal<\/a> (vers\u00e3o em portugu\u00eas) foi um sucesso &#8220;inesperado&#8221; o que fez com que o segundo filme tivesse um or\u00e7amento francamente superior. A premissa envolve o planeta Helion, uma sociedade multicultural que \u00e9 \u00a0invadida por Lord Marshall. Imam, um dos sobreviventes da aventura original, vai solicitar ajuda ao nosso anti-her\u00f3i, que\u00a0acaba \u00a0(relutantemente) por aceder e enfrentar o conquistador e a sua horda de guerreiros.<\/p>\n<p>O filme cont\u00e9m efeitos especiais fant\u00e1sticos e assenta numa narrativa fren\u00e9tica, com batalhas constantes e uma corrida contra o tempo para derrotar o ex\u00e9rcito invasor.<\/p>\n<p>H\u00e1 uma tentativa de desenvolvimento das personagens, assim como a explica\u00e7\u00e3o da origem dos Furyan e o evento que levou \u00e0 sua destrui\u00e7\u00e3o.\u00a0 Pessoalmente, n\u00e3o o considero uma sequela mas uma hist\u00f3ria em que a personagem principal \u00e9 a mesma de Pitch Black.<\/p>\n<p>Diria que \u00e9 uma experi\u00eancia interessante para os f\u00e3s de fic\u00e7\u00e3o cient\u00edfica, embora o considere muito inferior ao filme original.<\/p>\n","protected":false},"excerpt":{"rendered":"<p>H\u00e1 tr\u00eas anos, se a mem\u00f3ria n\u00e3o me falha vi o primeiro filme em que Riddick fez a sua apari\u00e7\u00e3o. Na altura o desconhecido Vin Diesel interpretava esta personagem\u00a0que de &hellip; <\/p>\n","protected":false},"author":1,"featured_media":20964,"comment_status":"open","ping_status":"open","sticky":false,"template":"","format":"standard","meta":{"jetpack_post_was_ever_published":false,"_jetpack_newsletter_access":"","_jetpack_dont_email_post_to_subs":false,"_jetpack_newsletter_tier_id":0,"_jetpack_memberships_contains_paywalled_content":false,"_jetpack_memberships_contains_paid_content":false,"footnotes":"","jetpack_publicize_message":"","jetpack_publicize_feature_enabled":true,"jetpack_social_post_already_shared":false,"jetpack_social_options":{"image_generator_settings":{"template":"highway","default_image_id":0,"font":"","enabled":false},"version":2}},"categories":[3],"tags":[1464,1462,1461,1463],"class_list":["post-225","post","type-post","status-publish","format-standard","has-post-thumbnail","hentry","category-cinema","tag-diesel","tag-furyan","tag-riddick","tag-vin"],"views":1755,"jetpack_publicize_connections":[],"jetpack_featured_media_url":"https:\/\/hugocardoso.com\/blog\/wp-content\/uploads\/2004\/08\/Chronicles_Riddick.jpeg","jetpack_shortlink":"https:\/\/wp.me\/p1qeZR-3D","jetpack_sharing_enabled":true,"_links":{"self":[{"href":"https:\/\/hugocardoso.com\/blog\/wp-json\/wp\/v2\/posts\/225","targetHints":{"allow":["GET"]}}],"collection":[{"href":"https:\/\/hugocardoso.com\/blog\/wp-json\/wp\/v2\/posts"}],"about":[{"href":"https:\/\/hugocardoso.com\/blog\/wp-json\/wp\/v2\/types\/post"}],"author":[{"embeddable":true,"href":"https:\/\/hugocardoso.com\/blog\/wp-json\/wp\/v2\/users\/1"}],"replies":[{"embeddable":true,"href":"https:\/\/hugocardoso.com\/blog\/wp-json\/wp\/v2\/comments?post=225"}],"version-history":[{"count":0,"href":"https:\/\/hugocardoso.com\/blog\/wp-json\/wp\/v2\/posts\/225\/revisions"}],"wp:featuredmedia":[{"embeddable":true,"href":"https:\/\/hugocardoso.com\/blog\/wp-json\/wp\/v2\/media\/20964"}],"wp:attachment":[{"href":"https:\/\/hugocardoso.com\/blog\/wp-json\/wp\/v2\/media?parent=225"}],"wp:term":[{"taxonomy":"category","embeddable":true,"href":"https:\/\/hugocardoso.com\/blog\/wp-json\/wp\/v2\/categories?post=225"},{"taxonomy":"post_tag","embeddable":true,"href":"https:\/\/hugocardoso.com\/blog\/wp-json\/wp\/v2\/tags?post=225"}],"curies":[{"name":"wp","href":"https:\/\/api.w.org\/{rel}","templated":true}]}}