{"id":2940,"date":"2011-01-18T12:57:25","date_gmt":"2011-01-18T12:57:25","guid":{"rendered":"http:\/\/hugocardoso.com\/blog\/?p=2940"},"modified":"2017-12-02T18:29:19","modified_gmt":"2017-12-02T18:29:19","slug":"ipad-2","status":"publish","type":"post","link":"https:\/\/hugocardoso.com\/blog\/archives\/2940","title":{"rendered":"iPad 2"},"content":{"rendered":"<p>Como utilizador e entusiasta do iPad \u00e9 evidente que estou curioso em ter conhecimento das novas funcionalidades da segunda gera\u00e7\u00e3o do produto. Muitas s\u00e3o as not\u00edcias que correm na web, algumas delas completamente falsas, mas com o aproximar da keynote resolvi dedicar um artigo a este tema. Na minha modesta opini\u00e3o, o iPad tornar-se-ia ainda mais apelativo se possuir as seguintes features:<\/p>\n<ol>\n<li>Retina Display<\/li>\n<li>Slot para SD<\/li>\n<li>Acr\u00e9scimo mem\u00f3ria RAM<\/li>\n<li>Processador Dual Core<\/li>\n<\/ol>\n<p>Como podem verificar, nem vou abordar o tema da c\u00e2mera, que \u00e9 um facto adquirido. Pessoalmente, n\u00e3o sou f\u00e3 do conceito mas compreendo a sua utilidade, sobretudo em termos de video-confer\u00eancia. No que diz respeito \u00e0 dimens\u00e3o do \u00e9cran, corre igualmente o rumor de que teremos 3 modelos, com 7, 8 e 9 polegadas respectivamente. N\u00e3o acredito muito nessa possibilidade, tendo em conta o passado recente, mas penso que iremos ter 2 modelos dispon\u00edveis (7 e 9 polegadas).<\/p>\n<p>No que concerne ao valor comercial, se forem inclu\u00eddas estas features, \u00e9 bastante prov\u00e1vel que o PVP seja ligeiramente superior ao actual. Vou esperar pacientemente pelo evento da Apple, mas confesso que n\u00e3o vou efectuar o upgrade, pelo menos a curto prazo. Pretendo tirar o m\u00e1ximo de partido do actual modelo que possuo e apenas consideraria mudar, caso seja lan\u00e7ado um produto excepcional.<\/p>\n<p>Qual \u00e9 a vossa opini\u00e3o? Est\u00e3o entusiasmados? S\u00e3o possuidores de iPad? Ou est\u00e3o a aguardar pelo iPad 2 para aderir ao mundo da Apple?<\/p>\n","protected":false},"excerpt":{"rendered":"<p>Como utilizador e entusiasta do iPad \u00e9 evidente que estou curioso em ter conhecimento das novas funcionalidades da segunda gera\u00e7\u00e3o do produto. Muitas s\u00e3o as not\u00edcias que correm na web, &hellip; <\/p>\n","protected":false},"author":1,"featured_media":9322,"comment_status":"open","ping_status":"open","sticky":false,"template":"","format":"standard","meta":{"jetpack_post_was_ever_published":false,"_jetpack_newsletter_access":"","_jetpack_dont_email_post_to_subs":true,"_jetpack_newsletter_tier_id":0,"_jetpack_memberships_contains_paywalled_content":false,"_jetpack_memberships_contains_paid_content":false,"footnotes":"","jetpack_publicize_message":"","jetpack_publicize_feature_enabled":true,"jetpack_social_post_already_shared":false,"jetpack_social_options":{"image_generator_settings":{"template":"highway","default_image_id":0,"font":"","enabled":false},"version":2}},"categories":[401,435],"tags":[686,628],"class_list":["post-2940","post","type-post","status-publish","format-standard","has-post-thumbnail","hentry","category-apple","category-ipad","tag-ipad-2","tag-wishlist"],"views":4451,"jetpack_publicize_connections":[],"jetpack_featured_media_url":"https:\/\/hugocardoso.com\/blog\/wp-content\/uploads\/2010\/09\/iPad.jpg","jetpack_shortlink":"https:\/\/wp.me\/p1qeZR-Lq","jetpack_sharing_enabled":true,"_links":{"self":[{"href":"https:\/\/hugocardoso.com\/blog\/wp-json\/wp\/v2\/posts\/2940","targetHints":{"allow":["GET"]}}],"collection":[{"href":"https:\/\/hugocardoso.com\/blog\/wp-json\/wp\/v2\/posts"}],"about":[{"href":"https:\/\/hugocardoso.com\/blog\/wp-json\/wp\/v2\/types\/post"}],"author":[{"embeddable":true,"href":"https:\/\/hugocardoso.com\/blog\/wp-json\/wp\/v2\/users\/1"}],"replies":[{"embeddable":true,"href":"https:\/\/hugocardoso.com\/blog\/wp-json\/wp\/v2\/comments?post=2940"}],"version-history":[{"count":0,"href":"https:\/\/hugocardoso.com\/blog\/wp-json\/wp\/v2\/posts\/2940\/revisions"}],"wp:featuredmedia":[{"embeddable":true,"href":"https:\/\/hugocardoso.com\/blog\/wp-json\/wp\/v2\/media\/9322"}],"wp:attachment":[{"href":"https:\/\/hugocardoso.com\/blog\/wp-json\/wp\/v2\/media?parent=2940"}],"wp:term":[{"taxonomy":"category","embeddable":true,"href":"https:\/\/hugocardoso.com\/blog\/wp-json\/wp\/v2\/categories?post=2940"},{"taxonomy":"post_tag","embeddable":true,"href":"https:\/\/hugocardoso.com\/blog\/wp-json\/wp\/v2\/tags?post=2940"}],"curies":[{"name":"wp","href":"https:\/\/api.w.org\/{rel}","templated":true}]}}