{"id":498,"date":"2007-04-25T00:38:20","date_gmt":"2007-04-25T00:38:20","guid":{"rendered":"http:\/\/hugocardoso.com\/archives\/498"},"modified":"2025-10-20T19:27:39","modified_gmt":"2025-10-20T18:27:39","slug":"25-de-abril","status":"publish","type":"post","link":"https:\/\/hugocardoso.com\/blog\/archives\/498","title":{"rendered":"25 de Abril"},"content":{"rendered":"<p>Foi em 1974 que ocorreu a revolu\u00e7\u00e3o&#8230; n\u00e3o era nascido nessa altura mas parece-me importante relembrar a data. A imagem diz tudo!<\/p>\n<p><img loading=\"lazy\" decoding=\"async\" class=\"alignnone\" title=\"25 Abril\" src=\"http:\/\/maismemoria.org\/mm\/wp-content\/uploads\/2007\/04\/20070425_ilust25abril.jpg\" alt=\"\" width=\"520\" height=\"331\" \/><\/p>\n<p><a class=\"imagelink\" title=\"25 abril.jpg\" href=\"http:\/\/hugocardoso.com\/wp-content\/uploads\/2007\/04\/25%20abril.jpg\"><\/a><\/p>\n<p><a class=\"imagelink\" title=\"25 abril.jpg\" href=\"http:\/\/hugocardoso.com\/wp-content\/uploads\/2007\/04\/25%20abril.jpg\"> <\/a><\/p>\n<p><a class=\"imagelink\" title=\"25 abril.jpg\" href=\"http:\/\/hugocardoso.com\/wp-content\/uploads\/2007\/04\/25%20abril.jpg\"> <\/a><\/p>\n","protected":false},"excerpt":{"rendered":"<p>Foi em 1974 que ocorreu a revolu\u00e7\u00e3o&#8230; n\u00e3o era nascido nessa altura mas parece-me importante relembrar a data. A imagem diz tudo!<\/p>\n","protected":false},"author":1,"featured_media":3693,"comment_status":"open","ping_status":"open","sticky":false,"template":"","format":"standard","meta":{"jetpack_post_was_ever_published":false,"_jetpack_newsletter_access":"","_jetpack_dont_email_post_to_subs":false,"_jetpack_newsletter_tier_id":0,"_jetpack_memberships_contains_paywalled_content":false,"_jetpack_memberships_contains_paid_content":false,"footnotes":"","jetpack_publicize_message":"","jetpack_publicize_feature_enabled":true,"jetpack_social_post_already_shared":false,"jetpack_social_options":{"image_generator_settings":{"template":"highway","default_image_id":0,"font":"","enabled":false},"version":2}},"categories":[3140],"tags":[],"class_list":["post-498","post","type-post","status-publish","format-standard","has-post-thumbnail","hentry","category-reflexoes"],"views":4065,"jetpack_publicize_connections":[],"jetpack_featured_media_url":"","jetpack_shortlink":"https:\/\/wp.me\/p1qeZR-82","jetpack_sharing_enabled":true,"_links":{"self":[{"href":"https:\/\/hugocardoso.com\/blog\/wp-json\/wp\/v2\/posts\/498","targetHints":{"allow":["GET"]}}],"collection":[{"href":"https:\/\/hugocardoso.com\/blog\/wp-json\/wp\/v2\/posts"}],"about":[{"href":"https:\/\/hugocardoso.com\/blog\/wp-json\/wp\/v2\/types\/post"}],"author":[{"embeddable":true,"href":"https:\/\/hugocardoso.com\/blog\/wp-json\/wp\/v2\/users\/1"}],"replies":[{"embeddable":true,"href":"https:\/\/hugocardoso.com\/blog\/wp-json\/wp\/v2\/comments?post=498"}],"version-history":[{"count":1,"href":"https:\/\/hugocardoso.com\/blog\/wp-json\/wp\/v2\/posts\/498\/revisions"}],"predecessor-version":[{"id":26116,"href":"https:\/\/hugocardoso.com\/blog\/wp-json\/wp\/v2\/posts\/498\/revisions\/26116"}],"wp:featuredmedia":[{"embeddable":true,"href":"https:\/\/hugocardoso.com\/blog\/wp-json\/wp\/v2\/media\/3693"}],"wp:attachment":[{"href":"https:\/\/hugocardoso.com\/blog\/wp-json\/wp\/v2\/media?parent=498"}],"wp:term":[{"taxonomy":"category","embeddable":true,"href":"https:\/\/hugocardoso.com\/blog\/wp-json\/wp\/v2\/categories?post=498"},{"taxonomy":"post_tag","embeddable":true,"href":"https:\/\/hugocardoso.com\/blog\/wp-json\/wp\/v2\/tags?post=498"}],"curies":[{"name":"wp","href":"https:\/\/api.w.org\/{rel}","templated":true}]}}