{"id":7656,"date":"2013-11-08T10:00:56","date_gmt":"2013-11-08T10:00:56","guid":{"rendered":"http:\/\/hugocardoso.com\/blog\/?p=7656"},"modified":"2013-11-07T00:57:04","modified_gmt":"2013-11-07T00:57:04","slug":"thor-the-dark-world","status":"publish","type":"post","link":"https:\/\/hugocardoso.com\/blog\/archives\/7656","title":{"rendered":"Thor: The Dark World"},"content":{"rendered":"<p><a href=\"http:\/\/hugocardoso.com\/blog\/archives\/3996\" target=\"_blank\">A sequela de Thor\u00a0<\/a>chegou finalmente \u00e1s salas de cinema e como f\u00e3 convicto da Marvel n\u00e3o podia falhar. Confesso que fiquei algo preocupado com os trailers e com as sucessivas altera\u00e7\u00f5es a que o filme foi sujeito mas o facto de terem conseguido reunir o casting original fez-me ter f\u00e9 em The Dark World.<\/p>\n<p>A narrativa decorre essencialmente em Asgard, onde Thor continua a lutar pela paz. Loki encontra-se encarcerado e tudo parece correr pelo melhor, apesar de Jane Foster continuar na Terra. E \u00e9 precisamente no nosso planeta que um raro alinhamento planet\u00e1rio vai convergir, algo que apenas ocorre a cada 5000 anos. O resultado pr\u00e1tico desse fen\u00f3meno \u00e9 a aus\u00eancia de fronteiras entre os 9 reinos, o que se revela tr\u00e1gico para Jane Foster que acaba por ser &#8220;infectada&#8221; pelo\u00a0Aether, uma for\u00e7a indestrut\u00edvel que remonta aos prim\u00f3rdios da cria\u00e7\u00e3o.<\/p>\n<p>Christopher Eccleston \u00e9 o l\u00edder dos Dark Elfs, uma ra\u00e7a que sobreviveu em estado de hiberna\u00e7\u00e3o durante mil\u00e9nios, esperando pacientemente pelo reaparecimento do Aether. A partir deste momento o filme arranca em termos de ac\u00e7\u00e3o, com batalhas \u00e9picas entre Asgardians e estes estranhos seres, com clara vantagem para Malekith, o vil\u00e3o deste filme. Uma perda irrepar\u00e1vel vai forjar alian\u00e7as e trai\u00e7\u00f5es inesperadas, com Thor e Loki a unirem esfor\u00e7os para combater e derrotar os Dark Elfs.<\/p>\n<p>A batalha \u00e9pica final vai decorrer no Planeta Terra, com o filho de Odin a ter de utilizar todos os seus recursos para salvar Jane Foster e os nove reinos. Sem colocar spoilers, posso confirmar que est\u00e1 assegurando um terceiro filme da saga, que vai certamente continuar a storyline desenvolvida em The Dark World.<\/p>\n<p>Pessoalmente, gostei da experi\u00eancia (2D) embora tenha ficado algo desiludido com a batalha final, que considero banal e sem grande interesse. O ponto mais forte \u00e9 claramente o facto de terem mantido o elenco original e conseguirem equilibrar os momentos c\u00f3micos com a narrativa de forma quase perfeita. Mesmo assim, considero melhor o primeiro filme de Thor mas recomendo a sequela.<\/p>\n<p>N\u00e3o saiam da sala antes dos cr\u00e9ditos finais, dado que temos 2 teasers (um para o Guardians of the Galaxy e outro para a sequela de Thor).<\/p>\n","protected":false},"excerpt":{"rendered":"<p>A sequela de Thor\u00a0chegou finalmente \u00e1s salas de cinema e como f\u00e3 convicto da Marvel n\u00e3o podia falhar. Confesso que fiquei algo preocupado com os trailers e com as sucessivas &hellip; <\/p>\n","protected":false},"author":1,"featured_media":7657,"comment_status":"open","ping_status":"open","sticky":false,"template":"","format":"standard","meta":{"jetpack_post_was_ever_published":false,"_jetpack_newsletter_access":"","_jetpack_dont_email_post_to_subs":false,"_jetpack_newsletter_tier_id":0,"_jetpack_memberships_contains_paywalled_content":false,"_jetpack_memberships_contains_paid_content":false,"footnotes":"","jetpack_publicize_message":"","jetpack_publicize_feature_enabled":true,"jetpack_social_post_already_shared":true,"jetpack_social_options":{"image_generator_settings":{"template":"highway","default_image_id":0,"font":"","enabled":false},"version":2}},"categories":[3],"tags":[1132,468,768],"class_list":["post-7656","post","type-post","status-publish","format-standard","has-post-thumbnail","hentry","category-cinema","tag-dark-world","tag-marvel","tag-thor"],"views":3587,"jetpack_publicize_connections":[],"jetpack_featured_media_url":"https:\/\/hugocardoso.com\/blog\/wp-content\/uploads\/2013\/11\/Thor.jpg","jetpack_shortlink":"https:\/\/wp.me\/p1qeZR-1Zu","jetpack_sharing_enabled":true,"_links":{"self":[{"href":"https:\/\/hugocardoso.com\/blog\/wp-json\/wp\/v2\/posts\/7656","targetHints":{"allow":["GET"]}}],"collection":[{"href":"https:\/\/hugocardoso.com\/blog\/wp-json\/wp\/v2\/posts"}],"about":[{"href":"https:\/\/hugocardoso.com\/blog\/wp-json\/wp\/v2\/types\/post"}],"author":[{"embeddable":true,"href":"https:\/\/hugocardoso.com\/blog\/wp-json\/wp\/v2\/users\/1"}],"replies":[{"embeddable":true,"href":"https:\/\/hugocardoso.com\/blog\/wp-json\/wp\/v2\/comments?post=7656"}],"version-history":[{"count":0,"href":"https:\/\/hugocardoso.com\/blog\/wp-json\/wp\/v2\/posts\/7656\/revisions"}],"wp:featuredmedia":[{"embeddable":true,"href":"https:\/\/hugocardoso.com\/blog\/wp-json\/wp\/v2\/media\/7657"}],"wp:attachment":[{"href":"https:\/\/hugocardoso.com\/blog\/wp-json\/wp\/v2\/media?parent=7656"}],"wp:term":[{"taxonomy":"category","embeddable":true,"href":"https:\/\/hugocardoso.com\/blog\/wp-json\/wp\/v2\/categories?post=7656"},{"taxonomy":"post_tag","embeddable":true,"href":"https:\/\/hugocardoso.com\/blog\/wp-json\/wp\/v2\/tags?post=7656"}],"curies":[{"name":"wp","href":"https:\/\/api.w.org\/{rel}","templated":true}]}}